{"id":579,"date":"2022-02-14T11:52:00","date_gmt":"2022-02-14T11:52:00","guid":{"rendered":"https:\/\/smaco-ws.com\/es\/?p=579"},"modified":"2022-06-02T12:16:37","modified_gmt":"2022-06-02T12:16:37","slug":"sahara-occidental-el-arriesgado-oficio-de-iauguiha-mohamed-desminadora-que-arriesga-su-vida-para-limpiar-de-minas-el-territorio-saharaui-liberado","status":"publish","type":"post","link":"https:\/\/smaco-ws.com\/es\/2022\/02\/14\/sahara-occidental-el-arriesgado-oficio-de-iauguiha-mohamed-desminadora-que-arriesga-su-vida-para-limpiar-de-minas-el-territorio-saharaui-liberado\/","title":{"rendered":"S\u00e1hara Occidental. El arriesgado oficio de Iauguiha Mohamed&#8230;"},"content":{"rendered":"\n<figure class=\"wp-block-image\"><img src=\"https:\/\/www.resumenlatinoamericano.org\/wp-content\/uploads\/2022\/02\/168006035-kp8D-624x385@Canarias7.jpg\" alt=\"\"\/><\/figure>\n\n\n\n<p>Por Francesc Zanetti, Resumen Latinoamericano 12 de febrero de 2022<\/p>\n\n\n\n<p><strong>El realizador grancanario Agust\u00edn Dom\u00ednguez y su equipo se traslada al S\u00e1hara Occidental para iniciar el rodaje del documental \u2018La Berma\u2019<\/strong><\/p>\n\n\n\n<p>Iauguiha trabaja todos los d\u00edas bajo el sol abrasador del desierto cerca de la barrera militar operativa m\u00e1s larga del planeta, con 2.720 kil\u00f3metros (la segunda con m\u00e1s longitud del planeta, solo por detr\u00e1s de la Muralla China). Esta joven de 31 a\u00f1os, que se ha convertido despu\u00e9s de licenciarse en Biolog\u00eda en la primera mujer l\u00edderesa de una de las cinco brigadas de hombres y mujeres -civiles y militares-, de desminadores en la zona del S\u00e1hara Occidental, centra el rodaje del documental que el realizador grancanario Agust\u00edn Dom\u00ednguez inicia el d\u00eda 14 de febrero, junto a un equipo de otras cuatro personas, todas ellas pertenecientes a la Asociaci\u00f3n Cultural Gran Angular, con sede en Santa Luc\u00eda de Tirajana.<\/p>\n\n\n\n<p>Hasta el d\u00eda 20 del presente mes Dom\u00ednguez filmar\u00e1 el peligroso trabajo de estos desminadores en los territorios liberados durante la guerra que libra entre el Frente Polisario y Marruecos, una de las zonas m\u00e1s minadas del mundo, seg\u00fan la ONG brit\u00e1nica Action On Armed Violence (AOAV).<\/p>\n\n\n\n<figure class=\"wp-block-image\"><a href=\"https:\/\/www.resumenlatinoamericano.org\/wp-content\/uploads\/2022\/02\/7688c5ea-ff05-4c8e-beef-ed39a3b535b3_16-9-aspect-ratio_default_0.jpg\"><img src=\"https:\/\/www.resumenlatinoamericano.org\/wp-content\/uploads\/2022\/02\/7688c5ea-ff05-4c8e-beef-ed39a3b535b3_16-9-aspect-ratio_default_0.jpg\" alt=\"\" class=\"wp-image-490025\"\/><\/a><figcaption><em>Sus piernas se mueven dentro de un endeble rect\u00e1ngulo amarillo, que es parte de su equipamiento. Todo acontece en la m\u00e1xima lentitud. Exploran el territorio con movimientos prudentes que recuerdan los discretos pasos de un puma.<\/em><\/figcaption><\/figure>\n\n\n\n<p>La campa\u00f1a internacional Together to remove the Wall (Juntos para retirar el muro, en castellano) estima que, a lo largo de \u00e9l, hay m\u00e1s de siete millones de minas, adem\u00e1s de grandes cantidades de restos explosivos de guerra, cohetes y bombas de racimo, por lo que se estima que la cifra de artefactos podr\u00eda alcanzar los 10 millones.<\/p>\n\n\n\n<p>A seis kil\u00f3metros de esta fortificaci\u00f3n construida por Hassan II, en el \u00e1rea de Tifariti y Bir Lahlou, se llevar\u00e1 a cabo el rodaje de \u2018La Berma\u2019, un documental cuyo proyecto ha sido premiado ya en nueve festivales internacionales, en el transcurso de la semana que integra este primer viaje a los campamentos de refugiados saharauis de Tinduf (Argelia), de los otros cuatro o cinco que muy probablemente tenga que realizar el equipo de producci\u00f3n para completar el rodaje.<\/p>\n\n\n\n<figure class=\"wp-block-image\"><a href=\"https:\/\/www.resumenlatinoamericano.org\/wp-content\/uploads\/2022\/02\/p06s7vy8-1.jpg\"><img src=\"https:\/\/www.resumenlatinoamericano.org\/wp-content\/uploads\/2022\/02\/p06s7vy8-1.jpg\" alt=\"\" class=\"wp-image-490026\"\/><\/a><figcaption><em>En medio del desierto del S\u00e1hara, estas mujeres saharauis caminan entre la arena envueltas en pesados chalecos azules. Las chicas llevan sus cabezas cubiertas por un turbante y su cara protegida por una m\u00e1scara de pl\u00e1stico. Alrededor de su cintura, unos artilugios pitan cada vez que se topan con alg\u00fan objeto met\u00e1lico<\/em>.<\/figcaption><\/figure>\n\n\n\n<p>Instalados en la wilaya (provincia) de Smara, donde montar\u00e1n el campamento base muy cerca de la jaima de la protagonista, el director Agust\u00edn Dom\u00ednguez, el c\u00e1mara Pablo Ram\u00edrez y su asistente, Borja Su\u00e1rez, el sonidista Mois\u00e9s S\u00e1nchez y el asistente de producci\u00f3n Alex Vera, filmar\u00e1n los primeros materiales de un documental de 90 minutos de duraci\u00f3n que esperan tener concluido a finales del a\u00f1o 2023.<\/p>\n\n\n\n<figure class=\"wp-block-image\"><a href=\"https:\/\/www.resumenlatinoamericano.org\/wp-content\/uploads\/2022\/02\/20161019-BirLehlou%C2%A9EmmaBrownPhotography-94.jpg\"><img src=\"https:\/\/www.resumenlatinoamericano.org\/wp-content\/uploads\/2022\/02\/20161019-BirLehlou%C2%A9EmmaBrownPhotography-94.jpg\" alt=\"\" class=\"wp-image-490024\"\/><\/a><\/figure>\n\n\n\n<p>En medio del desierto del S\u00e1hara, estas mujeres saharauis caminan entre la arena envueltas en pesados chalecos azules. Las chicas llevan sus cabezas cubiertas por un turbante y su cara protegida por una m\u00e1scara de pl\u00e1stico. Alrededor de su cintura, unos artilugios pitan cada vez que se topan con alg\u00fan objeto met\u00e1lico.<\/p>\n\n\n\n<p>El territorio saharaui est\u00e1 dividido por un muro militar marroqu\u00ed de m\u00e1s de 2700 Km. de longitud, fue construido por el r\u00e9gimen de Hassan II de Marruecos a partir de 1983, con el objetivo de poner fuera del alcance de sus leg\u00edtimos propietarios (pueblo saharaui), el territorio saharaui invadido por Marruecos con la ayuda econ\u00f3mica y militar de Estados Unidos, desde 1974.<\/p>\n\n\n\n<figure class=\"wp-block-image\"><a href=\"https:\/\/www.resumenlatinoamericano.org\/wp-content\/uploads\/2022\/02\/e68d14af-f90c-4dfe-a005-de6a99116342_16-9-aspect-ratio_default_0.jpg\"><img src=\"https:\/\/www.resumenlatinoamericano.org\/wp-content\/uploads\/2022\/02\/e68d14af-f90c-4dfe-a005-de6a99116342_16-9-aspect-ratio_default_0.jpg\" alt=\"\" class=\"wp-image-490028\"\/><\/a><figcaption>En el sector de El Mahbes, una ONG espa\u00f1ola ha depositado simb\u00f3licamente flores de papel y de tela con el mensaje: \u00abPlantemos flores en lugar de minas\u00bb.<\/figcaption><\/figure>\n\n\n\n<p>El muro, plagado de minas antipersona desde principio a fin, divide el Sahara Occidental en dos partes, una, ocupada por Marruecos, donde se encuentran todas las riquezas del pa\u00eds (banco pesquero, minas de fosfatos, reservas de hidrocarburos \u2026 ect), y otra, en manos del Frente Polisario, donde s\u00f3lo hay desierto y restos de guerra.<\/p>\n\n\n\n<p>Fuentes: Canarias 7 y ECSAHARAUI<\/p>\n","protected":false},"excerpt":{"rendered":"<p>Por Francesc Zanetti, Resumen Latinoamericano 12 de febrero de 2022 El realizador grancanario Agust\u00edn Dom\u00ednguez y su equipo se traslada al S\u00e1hara Occidental para iniciar el&hellip; <a href=\"https:\/\/smaco-ws.com\/es\/2022\/02\/14\/sahara-occidental-el-arriesgado-oficio-de-iauguiha-mohamed-desminadora-que-arriesga-su-vida-para-limpiar-de-minas-el-territorio-saharaui-liberado\/\">Read More\u00bb<\/a><\/p>\n","protected":false},"author":1,"featured_media":580,"comment_status":"open","ping_status":"open","sticky":true,"template":"","format":"standard","meta":[],"categories":[3,16,4,14,10,11,12,13],"tags":[],"_links":{"self":[{"href":"https:\/\/smaco-ws.com\/es\/wp-json\/wp\/v2\/posts\/579"}],"collection":[{"href":"https:\/\/smaco-ws.com\/es\/wp-json\/wp\/v2\/posts"}],"about":[{"href":"https:\/\/smaco-ws.com\/es\/wp-json\/wp\/v2\/types\/post"}],"author":[{"embeddable":true,"href":"https:\/\/smaco-ws.com\/es\/wp-json\/wp\/v2\/users\/1"}],"replies":[{"embeddable":true,"href":"https:\/\/smaco-ws.com\/es\/wp-json\/wp\/v2\/comments?post=579"}],"version-history":[{"count":2,"href":"https:\/\/smaco-ws.com\/es\/wp-json\/wp\/v2\/posts\/579\/revisions"}],"predecessor-version":[{"id":587,"href":"https:\/\/smaco-ws.com\/es\/wp-json\/wp\/v2\/posts\/579\/revisions\/587"}],"wp:featuredmedia":[{"embeddable":true,"href":"https:\/\/smaco-ws.com\/es\/wp-json\/wp\/v2\/media\/580"}],"wp:attachment":[{"href":"https:\/\/smaco-ws.com\/es\/wp-json\/wp\/v2\/media?parent=579"}],"wp:term":[{"taxonomy":"category","embeddable":true,"href":"https:\/\/smaco-ws.com\/es\/wp-json\/wp\/v2\/categories?post=579"},{"taxonomy":"post_tag","embeddable":true,"href":"https:\/\/smaco-ws.com\/es\/wp-json\/wp\/v2\/tags?post=579"}],"curies":[{"name":"wp","href":"https:\/\/api.w.org\/{rel}","templated":true}]}}